{"id":493,"date":"2020-03-21T18:13:56","date_gmt":"2020-03-21T18:13:56","guid":{"rendered":"https:\/\/www.eper.bzh\/?p=493"},"modified":"2020-06-07T15:46:57","modified_gmt":"2020-06-07T15:46:57","slug":"culte-en-visioconference-ou-personnel-mais-connecte","status":"publish","type":"post","link":"https:\/\/eper.bzh\/index.php\/2020\/03\/21\/culte-en-visioconference-ou-personnel-mais-connecte\/","title":{"rendered":"Premier culte en visioconf\u00e9rence du 22 mars 2020 !"},"content":{"rendered":"\n<p>A partir de ce dimanche 22 mars 2020 nous nous modernisons ! Quelques ann\u00e9es apr\u00e8s la crucifixion du Christ, la parole s&rsquo;est  propag\u00e9e en Isra\u00ebl. Puis les premi\u00e8res pers\u00e9cutions ont oblig\u00e9s les disciples \u00e0 s&rsquo;\u00e9parpiller plus loin. Actuellement avec les outils modernes d&rsquo;un c\u00f4t\u00e9, et la crise du coronavirus de l&rsquo;autre nous sommes tenus \u00e0 ne plus nous r\u00e9unir physiquement, mais avons les moyens de communiquer de tout lieux. De nombreuses administrations se d\u00e9localisent \u00e0 la maison, les formations scolaires font de m\u00eame, les \u00e9tudes bibliques, r\u00e9unions de pri\u00e8res et autres rassemblements religieux peuvent suivre la m\u00eame voie. Voici le d\u00e9roul\u00e9 de ce premier culte. La mise en page sera modifi\u00e9e plus tard !<\/p>\n\n\n\n<p>Chers Ami(e)s<\/p>\n\n\n\n<p>Nous esp\u00e9rons que tout le monde va bien et que vous \u00eates en paix dans ces temps troubl\u00e9s. Nous avons travaill\u00e9 avec le conseil pour vous proposer une trame de culte pendant ces p\u00e9riodes de confinement.<br>Le culte se d\u00e9roulera en trois phases: <br>1\/ <strong>10h30<\/strong>: temps de louange et pri\u00e8re en commun<strong> en visioconf\u00e9rence OU de mani\u00e8re personnelle<\/strong> &nbsp; &nbsp; Pour nous rejoindre en visio: nous vous proposerons un code lien internet par mail<br>2\/ <strong>11h<\/strong>: temps de m\u00e9ditation guid\u00e9e avec le guide joie <strong>de mani\u00e8re personnelle<\/strong> <br>3\/ <strong>11h20<\/strong>: temps de partage et m\u00e9ditation de conclusion par votre serviteur, Norbert, <strong>en visioconf\u00e9rence pour tous<\/strong> &nbsp; &nbsp; Pour nous rejoindre en visio:&nbsp;nous vous proposerons un  deuxi\u00e8me code lien internet par mail<br>Vous avez juste besoin d&rsquo;une webcam, si vous n&rsquo;en avez pas vous participerez en mode audio seulement et vous pourrez parler ou \u00e9couter.<\/p>\n\n\n\n<p class=\"has-text-align-center\"><strong>Le th\u00e8me retenu : La joie de Dieu<\/strong><\/p>\n\n\n\n<p>voir le texte ici : <code>http:\/\/eper.bzh\/wp-content\/uploads\/2020\/03\/Etude-sur-la-joie-1.pdf<\/code><\/p>\n\n\n\n<p>Voici les chants que nous avons pr\u00e9vus (les versions propos\u00e9es permettent de retrouver l&rsquo;air, mais n&rsquo;engage pas notre communaut\u00e9 &#8211; D&rsquo;autre part, nos chants sont souvent chant\u00e9s de fa\u00e7on plus \u00e9nergiques, plus rapide) : <br>1 ) Quel ami fid\u00e8le et tendre : <a href=\"https:\/\/www.youtube.com\/watch?v=2HbVa3SjRt0\">https:\/\/www.youtube.com\/watch?v=2HbVa3SjRt0<\/a><br>2 )  C&rsquo;est pour ta joie : <\/p>\n\n\n\n<p>Lecture biblique : 1 Timoth\u00e9e 6 versets 13 \u00e0 16 : <a href=\"https:\/\/topbible.topchretien.com\/1-timothee.6.13\/S21\/\">https:\/\/topbible.topchretien.com\/1-timothee.6.13\/S21\/<\/a><\/p>\n\n\n\n<p>3 ) C&rsquo;est vers toi que je me tourne : <a href=\"https:\/\/www.youtube.com\/watch?v=27MS_y-mpvQ\">https:\/\/www.youtube.com\/watch?v=27MS_y-mpvQ<\/a><\/p>\n\n\n\n<p>Temps de pri\u00e8res avec pour sujets : l&rsquo;unit\u00e9 de l&rsquo;\u00e9glise, \u00eatre pr\u00eat et utile en ces temps, demander \u00e0 Dieu o\u00f9 il nous veut. <\/p>\n\n\n\n<p>M\u00e9ditation guid\u00e9e avec questionnaire<\/p>\n\n\n\n<p>4 ) de nouveau C&rsquo;est vers toi que je me tourne<br>5 ) et oh oh prend mon \u00e2me : <a href=\"https:\/\/www.youtube.com\/watch?v=UlmA_297mkU\">https:\/\/www.youtube.com\/watch?v=UlmA_297mkU<\/a><\/p>\n\n\n\n<p>11 heure 20 pr\u00e9cise : temps commun en visioconf\u00e9rence <br>&#8211; temps de partage<br>&#8211; M\u00e9ditation de Norbert sur le th\u00e8me  la joie de Dieu<br>&#8211; annonces<br>&#8211; Pri\u00e8re pour la situation actuelle<br>&#8211; Pri\u00e8re pour Clarisse<\/p>\n\n\n\n<p>6 ) : B\u00e9ni soit le lien : <a href=\"https:\/\/www.youtube.com\/watch?v=LIOL5zS0kJk\">https:\/\/www.youtube.com\/watch?v=LIOL5zS0kJk<\/a><\/p>\n\n\n\n<p><\/p>\n\n\n\n<p> <\/p>\n","protected":false},"excerpt":{"rendered":"<p>A partir de ce dimanche 22 mars 2020 nous nous modernisons ! Quelques ann\u00e9es apr\u00e8s la crucifixion du Christ, la parole s&rsquo;est propag\u00e9e en Isra\u00ebl. Puis les premi\u00e8res pers\u00e9cutions ont oblig\u00e9s les disciples \u00e0 s&rsquo;\u00e9parpiller plus loin. Actuellement avec les &hellip; <a href=\"https:\/\/eper.bzh\/index.php\/2020\/03\/21\/culte-en-visioconference-ou-personnel-mais-connecte\/\">Lire la suite\u00ad\u00ad<\/a><\/p>\n","protected":false},"author":2,"featured_media":598,"comment_status":"open","ping_status":"open","sticky":false,"template":"","format":"standard","meta":{"kt_blocks_editor_width":"","footnotes":""},"categories":[1,5],"tags":[10,9,11],"class_list":["post-493","post","type-post","status-publish","format-standard","has-post-thumbnail","hentry","category-divers","category-vie-deglise","tag-coronavirus","tag-culte-par-visioconference","tag-culte-roscoff"],"yoast_head":"<!-- This site is optimized with the Yoast SEO plugin v24.6 - https:\/\/yoast.com\/wordpress\/plugins\/seo\/ -->\n<title>Premier culte en visioconf\u00e9rence du 22 mars 2020 ! - Eglise Protestante \u00c9vang\u00e9lique de Roscoff<\/title>\n<meta name=\"robots\" content=\"index, follow, max-snippet:-1, max-image-preview:large, max-video-preview:-1\" \/>\n<link rel=\"canonical\" href=\"https:\/\/eper.bzh\/index.php\/2020\/03\/21\/culte-en-visioconference-ou-personnel-mais-connecte\/\" \/>\n<meta property=\"og:locale\" content=\"fr_FR\" \/>\n<meta property=\"og:type\" content=\"article\" \/>\n<meta property=\"og:title\" content=\"Premier culte en visioconf\u00e9rence du 22 mars 2020 ! - Eglise Protestante \u00c9vang\u00e9lique de Roscoff\" \/>\n<meta property=\"og:description\" content=\"A partir de ce dimanche 22 mars 2020 nous nous modernisons ! Quelques ann\u00e9es apr\u00e8s la crucifixion du Christ, la parole s&rsquo;est propag\u00e9e en Isra\u00ebl. Puis les premi\u00e8res pers\u00e9cutions ont oblig\u00e9s les disciples \u00e0 s&rsquo;\u00e9parpiller plus loin. Actuellement avec les &hellip; Lire la suite\u00ad\u00ad\" \/>\n<meta property=\"og:url\" content=\"https:\/\/eper.bzh\/index.php\/2020\/03\/21\/culte-en-visioconference-ou-personnel-mais-connecte\/\" \/>\n<meta property=\"og:site_name\" content=\"Eglise Protestante \u00c9vang\u00e9lique de Roscoff\" \/>\n<meta property=\"article:published_time\" content=\"2020-03-21T18:13:56+00:00\" \/>\n<meta property=\"article:modified_time\" content=\"2020-06-07T15:46:57+00:00\" \/>\n<meta property=\"og:image\" content=\"https:\/\/eper.bzh\/wp-content\/uploads\/2020\/03\/webcam.jpg\" \/>\n\t<meta property=\"og:image:width\" content=\"800\" \/>\n\t<meta property=\"og:image:height\" content=\"533\" \/>\n\t<meta property=\"og:image:type\" content=\"image\/jpeg\" \/>\n<meta name=\"author\" content=\"Andr\u00e9 MUSARD\" \/>\n<meta name=\"twitter:card\" content=\"summary_large_image\" \/>\n<meta name=\"twitter:label1\" content=\"\u00c9crit par\" \/>\n\t<meta name=\"twitter:data1\" content=\"Andr\u00e9 MUSARD\" \/>\n\t<meta name=\"twitter:label2\" content=\"Dur\u00e9e de lecture estim\u00e9e\" \/>\n\t<meta name=\"twitter:data2\" content=\"2 minutes\" \/>\n<script type=\"application\/ld+json\" class=\"yoast-schema-graph\">{\"@context\":\"https:\/\/schema.org\",\"@graph\":[{\"@type\":\"Article\",\"@id\":\"https:\/\/eper.bzh\/index.php\/2020\/03\/21\/culte-en-visioconference-ou-personnel-mais-connecte\/#article\",\"isPartOf\":{\"@id\":\"https:\/\/eper.bzh\/index.php\/2020\/03\/21\/culte-en-visioconference-ou-personnel-mais-connecte\/\"},\"author\":{\"name\":\"Andr\u00e9 MUSARD\",\"@id\":\"https:\/\/eper.bzh\/#\/schema\/person\/6169536b837c75722e352f3008b1ac06\"},\"headline\":\"Premier culte en visioconf\u00e9rence du 22 mars 2020 !\",\"datePublished\":\"2020-03-21T18:13:56+00:00\",\"dateModified\":\"2020-06-07T15:46:57+00:00\",\"mainEntityOfPage\":{\"@id\":\"https:\/\/eper.bzh\/index.php\/2020\/03\/21\/culte-en-visioconference-ou-personnel-mais-connecte\/\"},\"wordCount\":485,\"commentCount\":0,\"publisher\":{\"@id\":\"https:\/\/eper.bzh\/#organization\"},\"image\":{\"@id\":\"https:\/\/eper.bzh\/index.php\/2020\/03\/21\/culte-en-visioconference-ou-personnel-mais-connecte\/#primaryimage\"},\"thumbnailUrl\":\"https:\/\/eper.bzh\/wp-content\/uploads\/2020\/03\/webcam.jpg\",\"keywords\":[\"Coronavirus\",\"culte par visioconf\u00e9rence\",\"Culte Roscoff\"],\"articleSection\":[\"EPER\",\"Vie d'\u00e9glise\"],\"inLanguage\":\"fr-FR\",\"potentialAction\":[{\"@type\":\"CommentAction\",\"name\":\"Comment\",\"target\":[\"https:\/\/eper.bzh\/index.php\/2020\/03\/21\/culte-en-visioconference-ou-personnel-mais-connecte\/#respond\"]}]},{\"@type\":\"WebPage\",\"@id\":\"https:\/\/eper.bzh\/index.php\/2020\/03\/21\/culte-en-visioconference-ou-personnel-mais-connecte\/\",\"url\":\"https:\/\/eper.bzh\/index.php\/2020\/03\/21\/culte-en-visioconference-ou-personnel-mais-connecte\/\",\"name\":\"Premier culte en visioconf\u00e9rence du 22 mars 2020 ! - Eglise Protestante \u00c9vang\u00e9lique de Roscoff\",\"isPartOf\":{\"@id\":\"https:\/\/eper.bzh\/#website\"},\"primaryImageOfPage\":{\"@id\":\"https:\/\/eper.bzh\/index.php\/2020\/03\/21\/culte-en-visioconference-ou-personnel-mais-connecte\/#primaryimage\"},\"image\":{\"@id\":\"https:\/\/eper.bzh\/index.php\/2020\/03\/21\/culte-en-visioconference-ou-personnel-mais-connecte\/#primaryimage\"},\"thumbnailUrl\":\"https:\/\/eper.bzh\/wp-content\/uploads\/2020\/03\/webcam.jpg\",\"datePublished\":\"2020-03-21T18:13:56+00:00\",\"dateModified\":\"2020-06-07T15:46:57+00:00\",\"breadcrumb\":{\"@id\":\"https:\/\/eper.bzh\/index.php\/2020\/03\/21\/culte-en-visioconference-ou-personnel-mais-connecte\/#breadcrumb\"},\"inLanguage\":\"fr-FR\",\"potentialAction\":[{\"@type\":\"ReadAction\",\"target\":[\"https:\/\/eper.bzh\/index.php\/2020\/03\/21\/culte-en-visioconference-ou-personnel-mais-connecte\/\"]}]},{\"@type\":\"ImageObject\",\"inLanguage\":\"fr-FR\",\"@id\":\"https:\/\/eper.bzh\/index.php\/2020\/03\/21\/culte-en-visioconference-ou-personnel-mais-connecte\/#primaryimage\",\"url\":\"https:\/\/eper.bzh\/wp-content\/uploads\/2020\/03\/webcam.jpg\",\"contentUrl\":\"https:\/\/eper.bzh\/wp-content\/uploads\/2020\/03\/webcam.jpg\",\"width\":800,\"height\":533},{\"@type\":\"BreadcrumbList\",\"@id\":\"https:\/\/eper.bzh\/index.php\/2020\/03\/21\/culte-en-visioconference-ou-personnel-mais-connecte\/#breadcrumb\",\"itemListElement\":[{\"@type\":\"ListItem\",\"position\":1,\"name\":\"Accueil\",\"item\":\"https:\/\/eper.bzh\/\"},{\"@type\":\"ListItem\",\"position\":2,\"name\":\"Premier culte en visioconf\u00e9rence du 22 mars 2020 !\"}]},{\"@type\":\"WebSite\",\"@id\":\"https:\/\/eper.bzh\/#website\",\"url\":\"https:\/\/eper.bzh\/\",\"name\":\"Eglise Protestante \u00c9vang\u00e9lique de Roscoff\",\"description\":\"Chr\u00e9tiens \u00e9vang\u00e9liques du pays du Leon et du Tregor\",\"publisher\":{\"@id\":\"https:\/\/eper.bzh\/#organization\"},\"potentialAction\":[{\"@type\":\"SearchAction\",\"target\":{\"@type\":\"EntryPoint\",\"urlTemplate\":\"https:\/\/eper.bzh\/?s={search_term_string}\"},\"query-input\":{\"@type\":\"PropertyValueSpecification\",\"valueRequired\":true,\"valueName\":\"search_term_string\"}}],\"inLanguage\":\"fr-FR\"},{\"@type\":\"Organization\",\"@id\":\"https:\/\/eper.bzh\/#organization\",\"name\":\"Eglise Protestante Evang\u00e9lique de Roscoff\",\"url\":\"https:\/\/eper.bzh\/\",\"logo\":{\"@type\":\"ImageObject\",\"inLanguage\":\"fr-FR\",\"@id\":\"https:\/\/eper.bzh\/#\/schema\/logo\/image\/\",\"url\":\"http:\/\/eper.bzh\/wp-content\/uploads\/2018\/08\/logo100.jpg\",\"contentUrl\":\"http:\/\/eper.bzh\/wp-content\/uploads\/2018\/08\/logo100.jpg\",\"width\":100,\"height\":121,\"caption\":\"Eglise Protestante Evang\u00e9lique de Roscoff\"},\"image\":{\"@id\":\"https:\/\/eper.bzh\/#\/schema\/logo\/image\/\"}},{\"@type\":\"Person\",\"@id\":\"https:\/\/eper.bzh\/#\/schema\/person\/6169536b837c75722e352f3008b1ac06\",\"name\":\"Andr\u00e9 MUSARD\",\"image\":{\"@type\":\"ImageObject\",\"inLanguage\":\"fr-FR\",\"@id\":\"https:\/\/eper.bzh\/#\/schema\/person\/image\/\",\"url\":\"https:\/\/secure.gravatar.com\/avatar\/df84e1d92c9f3b9c052a289f7b5caeaa?s=96&d=mm&r=g\",\"contentUrl\":\"https:\/\/secure.gravatar.com\/avatar\/df84e1d92c9f3b9c052a289f7b5caeaa?s=96&d=mm&r=g\",\"caption\":\"Andr\u00e9 MUSARD\"},\"url\":\"https:\/\/eper.bzh\/index.php\/author\/amusard\/\"}]}<\/script>\n<!-- \/ Yoast SEO plugin. -->","yoast_head_json":{"title":"Premier culte en visioconf\u00e9rence du 22 mars 2020 ! - Eglise Protestante \u00c9vang\u00e9lique de Roscoff","robots":{"index":"index","follow":"follow","max-snippet":"max-snippet:-1","max-image-preview":"max-image-preview:large","max-video-preview":"max-video-preview:-1"},"canonical":"https:\/\/eper.bzh\/index.php\/2020\/03\/21\/culte-en-visioconference-ou-personnel-mais-connecte\/","og_locale":"fr_FR","og_type":"article","og_title":"Premier culte en visioconf\u00e9rence du 22 mars 2020 ! - Eglise Protestante \u00c9vang\u00e9lique de Roscoff","og_description":"A partir de ce dimanche 22 mars 2020 nous nous modernisons ! Quelques ann\u00e9es apr\u00e8s la crucifixion du Christ, la parole s&rsquo;est propag\u00e9e en Isra\u00ebl. Puis les premi\u00e8res pers\u00e9cutions ont oblig\u00e9s les disciples \u00e0 s&rsquo;\u00e9parpiller plus loin. Actuellement avec les &hellip; Lire la suite\u00ad\u00ad","og_url":"https:\/\/eper.bzh\/index.php\/2020\/03\/21\/culte-en-visioconference-ou-personnel-mais-connecte\/","og_site_name":"Eglise Protestante \u00c9vang\u00e9lique de Roscoff","article_published_time":"2020-03-21T18:13:56+00:00","article_modified_time":"2020-06-07T15:46:57+00:00","og_image":[{"width":800,"height":533,"url":"https:\/\/eper.bzh\/wp-content\/uploads\/2020\/03\/webcam.jpg","type":"image\/jpeg"}],"author":"Andr\u00e9 MUSARD","twitter_card":"summary_large_image","twitter_misc":{"\u00c9crit par":"Andr\u00e9 MUSARD","Dur\u00e9e de lecture estim\u00e9e":"2 minutes"},"schema":{"@context":"https:\/\/schema.org","@graph":[{"@type":"Article","@id":"https:\/\/eper.bzh\/index.php\/2020\/03\/21\/culte-en-visioconference-ou-personnel-mais-connecte\/#article","isPartOf":{"@id":"https:\/\/eper.bzh\/index.php\/2020\/03\/21\/culte-en-visioconference-ou-personnel-mais-connecte\/"},"author":{"name":"Andr\u00e9 MUSARD","@id":"https:\/\/eper.bzh\/#\/schema\/person\/6169536b837c75722e352f3008b1ac06"},"headline":"Premier culte en visioconf\u00e9rence du 22 mars 2020 !","datePublished":"2020-03-21T18:13:56+00:00","dateModified":"2020-06-07T15:46:57+00:00","mainEntityOfPage":{"@id":"https:\/\/eper.bzh\/index.php\/2020\/03\/21\/culte-en-visioconference-ou-personnel-mais-connecte\/"},"wordCount":485,"commentCount":0,"publisher":{"@id":"https:\/\/eper.bzh\/#organization"},"image":{"@id":"https:\/\/eper.bzh\/index.php\/2020\/03\/21\/culte-en-visioconference-ou-personnel-mais-connecte\/#primaryimage"},"thumbnailUrl":"https:\/\/eper.bzh\/wp-content\/uploads\/2020\/03\/webcam.jpg","keywords":["Coronavirus","culte par visioconf\u00e9rence","Culte Roscoff"],"articleSection":["EPER","Vie d'\u00e9glise"],"inLanguage":"fr-FR","potentialAction":[{"@type":"CommentAction","name":"Comment","target":["https:\/\/eper.bzh\/index.php\/2020\/03\/21\/culte-en-visioconference-ou-personnel-mais-connecte\/#respond"]}]},{"@type":"WebPage","@id":"https:\/\/eper.bzh\/index.php\/2020\/03\/21\/culte-en-visioconference-ou-personnel-mais-connecte\/","url":"https:\/\/eper.bzh\/index.php\/2020\/03\/21\/culte-en-visioconference-ou-personnel-mais-connecte\/","name":"Premier culte en visioconf\u00e9rence du 22 mars 2020 ! - Eglise Protestante \u00c9vang\u00e9lique de Roscoff","isPartOf":{"@id":"https:\/\/eper.bzh\/#website"},"primaryImageOfPage":{"@id":"https:\/\/eper.bzh\/index.php\/2020\/03\/21\/culte-en-visioconference-ou-personnel-mais-connecte\/#primaryimage"},"image":{"@id":"https:\/\/eper.bzh\/index.php\/2020\/03\/21\/culte-en-visioconference-ou-personnel-mais-connecte\/#primaryimage"},"thumbnailUrl":"https:\/\/eper.bzh\/wp-content\/uploads\/2020\/03\/webcam.jpg","datePublished":"2020-03-21T18:13:56+00:00","dateModified":"2020-06-07T15:46:57+00:00","breadcrumb":{"@id":"https:\/\/eper.bzh\/index.php\/2020\/03\/21\/culte-en-visioconference-ou-personnel-mais-connecte\/#breadcrumb"},"inLanguage":"fr-FR","potentialAction":[{"@type":"ReadAction","target":["https:\/\/eper.bzh\/index.php\/2020\/03\/21\/culte-en-visioconference-ou-personnel-mais-connecte\/"]}]},{"@type":"ImageObject","inLanguage":"fr-FR","@id":"https:\/\/eper.bzh\/index.php\/2020\/03\/21\/culte-en-visioconference-ou-personnel-mais-connecte\/#primaryimage","url":"https:\/\/eper.bzh\/wp-content\/uploads\/2020\/03\/webcam.jpg","contentUrl":"https:\/\/eper.bzh\/wp-content\/uploads\/2020\/03\/webcam.jpg","width":800,"height":533},{"@type":"BreadcrumbList","@id":"https:\/\/eper.bzh\/index.php\/2020\/03\/21\/culte-en-visioconference-ou-personnel-mais-connecte\/#breadcrumb","itemListElement":[{"@type":"ListItem","position":1,"name":"Accueil","item":"https:\/\/eper.bzh\/"},{"@type":"ListItem","position":2,"name":"Premier culte en visioconf\u00e9rence du 22 mars 2020 !"}]},{"@type":"WebSite","@id":"https:\/\/eper.bzh\/#website","url":"https:\/\/eper.bzh\/","name":"Eglise Protestante \u00c9vang\u00e9lique de Roscoff","description":"Chr\u00e9tiens \u00e9vang\u00e9liques du pays du Leon et du Tregor","publisher":{"@id":"https:\/\/eper.bzh\/#organization"},"potentialAction":[{"@type":"SearchAction","target":{"@type":"EntryPoint","urlTemplate":"https:\/\/eper.bzh\/?s={search_term_string}"},"query-input":{"@type":"PropertyValueSpecification","valueRequired":true,"valueName":"search_term_string"}}],"inLanguage":"fr-FR"},{"@type":"Organization","@id":"https:\/\/eper.bzh\/#organization","name":"Eglise Protestante Evang\u00e9lique de Roscoff","url":"https:\/\/eper.bzh\/","logo":{"@type":"ImageObject","inLanguage":"fr-FR","@id":"https:\/\/eper.bzh\/#\/schema\/logo\/image\/","url":"http:\/\/eper.bzh\/wp-content\/uploads\/2018\/08\/logo100.jpg","contentUrl":"http:\/\/eper.bzh\/wp-content\/uploads\/2018\/08\/logo100.jpg","width":100,"height":121,"caption":"Eglise Protestante Evang\u00e9lique de Roscoff"},"image":{"@id":"https:\/\/eper.bzh\/#\/schema\/logo\/image\/"}},{"@type":"Person","@id":"https:\/\/eper.bzh\/#\/schema\/person\/6169536b837c75722e352f3008b1ac06","name":"Andr\u00e9 MUSARD","image":{"@type":"ImageObject","inLanguage":"fr-FR","@id":"https:\/\/eper.bzh\/#\/schema\/person\/image\/","url":"https:\/\/secure.gravatar.com\/avatar\/df84e1d92c9f3b9c052a289f7b5caeaa?s=96&d=mm&r=g","contentUrl":"https:\/\/secure.gravatar.com\/avatar\/df84e1d92c9f3b9c052a289f7b5caeaa?s=96&d=mm&r=g","caption":"Andr\u00e9 MUSARD"},"url":"https:\/\/eper.bzh\/index.php\/author\/amusard\/"}]}},"_links":{"self":[{"href":"https:\/\/eper.bzh\/index.php\/wp-json\/wp\/v2\/posts\/493","targetHints":{"allow":["GET"]}}],"collection":[{"href":"https:\/\/eper.bzh\/index.php\/wp-json\/wp\/v2\/posts"}],"about":[{"href":"https:\/\/eper.bzh\/index.php\/wp-json\/wp\/v2\/types\/post"}],"author":[{"embeddable":true,"href":"https:\/\/eper.bzh\/index.php\/wp-json\/wp\/v2\/users\/2"}],"replies":[{"embeddable":true,"href":"https:\/\/eper.bzh\/index.php\/wp-json\/wp\/v2\/comments?post=493"}],"version-history":[{"count":9,"href":"https:\/\/eper.bzh\/index.php\/wp-json\/wp\/v2\/posts\/493\/revisions"}],"predecessor-version":[{"id":520,"href":"https:\/\/eper.bzh\/index.php\/wp-json\/wp\/v2\/posts\/493\/revisions\/520"}],"wp:featuredmedia":[{"embeddable":true,"href":"https:\/\/eper.bzh\/index.php\/wp-json\/wp\/v2\/media\/598"}],"wp:attachment":[{"href":"https:\/\/eper.bzh\/index.php\/wp-json\/wp\/v2\/media?parent=493"}],"wp:term":[{"taxonomy":"category","embeddable":true,"href":"https:\/\/eper.bzh\/index.php\/wp-json\/wp\/v2\/categories?post=493"},{"taxonomy":"post_tag","embeddable":true,"href":"https:\/\/eper.bzh\/index.php\/wp-json\/wp\/v2\/tags?post=493"}],"curies":[{"name":"wp","href":"https:\/\/api.w.org\/{rel}","templated":true}]}}